{"id":1076,"date":"2017-04-12T13:12:00","date_gmt":"2017-04-12T11:12:00","guid":{"rendered":"http:\/\/az-serwer1862899.online.pro\/autoinstalator\/wordpress4\/?p=1076"},"modified":"2024-03-25T09:08:06","modified_gmt":"2024-03-25T08:08:06","slug":"spotkanie-integracyjne-w-ramach-15-lecia-spolki-w-polsce","status":"publish","type":"post","link":"https:\/\/profigips.com\/de\/spotkanie-integracyjne-w-ramach-15-lecia-spolki-w-polsce\/","title":{"rendered":"Ein Teambuilding-Event anl\u00e4sslich des 15-j\u00e4hrigen Bestehens des Unternehmens in Polen!"},"content":{"rendered":"<p><\/p>\n\n\n\n<p>Wir m\u00f6chten uns bei allen Mitarbeitern f\u00fcr ihre Anwesenheit anl\u00e4sslich des 15-j\u00e4hrigen Bestehens von Profigips in Polen bedanken.<\/p>\n\n\n\n<p>Wir m\u00f6chten Ihnen eine fotografische Zusammenfassung des Integrationstreffens der Mitarbeiter des polnischen Unternehmens Profigips und der Unternehmen in Rum\u00e4nien und Belarus pr\u00e4sentieren. Vielen Dank f\u00fcr eine tolle Zeit \ud83d\ude42 .<\/p>\n\n\n\n<figure class=\"wp-block-gallery has-nested-images columns-default is-cropped wp-block-gallery-1 is-layout-flex wp-block-gallery-is-layout-flex\">\n<figure class=\"wp-block-image size-large\"><img fetchpriority=\"high\" decoding=\"async\" width=\"600\" height=\"450\" data-id=\"1077\" src=\"http:\/\/az-serwer1862899.online.pro\/autoinstalator\/wordpress4\/wp-content\/uploads\/2023\/04\/IMG_4331-1-600x450-1.jpg\" alt=\"\" class=\"wp-image-1077\" srcset=\"https:\/\/profigips.com\/wp-content\/uploads\/2023\/04\/IMG_4331-1-600x450-1.jpg 600w, https:\/\/profigips.com\/wp-content\/uploads\/2023\/04\/IMG_4331-1-600x450-1-300x225.jpg 300w\" sizes=\"(max-width: 600px) 100vw, 600px\" \/><\/figure>\n\n\n\n<figure class=\"wp-block-image size-large\"><img decoding=\"async\" width=\"600\" height=\"338\" data-id=\"1078\" src=\"http:\/\/az-serwer1862899.online.pro\/autoinstalator\/wordpress4\/wp-content\/uploads\/2023\/04\/IMG_4384-600x338-1.jpg\" alt=\"\" class=\"wp-image-1078\" srcset=\"https:\/\/profigips.com\/wp-content\/uploads\/2023\/04\/IMG_4384-600x338-1.jpg 600w, https:\/\/profigips.com\/wp-content\/uploads\/2023\/04\/IMG_4384-600x338-1-300x169.jpg 300w\" sizes=\"(max-width: 600px) 100vw, 600px\" \/><\/figure>\n\n\n\n<figure class=\"wp-block-image size-large\"><img decoding=\"async\" width=\"600\" height=\"450\" data-id=\"1080\" src=\"http:\/\/az-serwer1862899.online.pro\/autoinstalator\/wordpress4\/wp-content\/uploads\/2023\/04\/IMG_5022-600x450-1.jpg\" alt=\"\" class=\"wp-image-1080\" srcset=\"https:\/\/profigips.com\/wp-content\/uploads\/2023\/04\/IMG_5022-600x450-1.jpg 600w, https:\/\/profigips.com\/wp-content\/uploads\/2023\/04\/IMG_5022-600x450-1-300x225.jpg 300w\" sizes=\"(max-width: 600px) 100vw, 600px\" \/><\/figure>\n\n\n\n<figure class=\"wp-block-image size-large\"><img loading=\"lazy\" decoding=\"async\" width=\"600\" height=\"450\" data-id=\"1081\" src=\"http:\/\/az-serwer1862899.online.pro\/autoinstalator\/wordpress4\/wp-content\/uploads\/2023\/04\/IMG_5023-600x450-1.jpg\" alt=\"\" class=\"wp-image-1081\" srcset=\"https:\/\/profigips.com\/wp-content\/uploads\/2023\/04\/IMG_5023-600x450-1.jpg 600w, https:\/\/profigips.com\/wp-content\/uploads\/2023\/04\/IMG_5023-600x450-1-300x225.jpg 300w\" sizes=\"(max-width: 600px) 100vw, 600px\" \/><\/figure>\n\n\n\n<figure class=\"wp-block-image size-large\"><img loading=\"lazy\" decoding=\"async\" width=\"600\" height=\"450\" data-id=\"1079\" src=\"http:\/\/az-serwer1862899.online.pro\/autoinstalator\/wordpress4\/wp-content\/uploads\/2023\/04\/IMG_5057-600x450-1.jpg\" alt=\"\" class=\"wp-image-1079\" srcset=\"https:\/\/profigips.com\/wp-content\/uploads\/2023\/04\/IMG_5057-600x450-1.jpg 600w, https:\/\/profigips.com\/wp-content\/uploads\/2023\/04\/IMG_5057-600x450-1-300x225.jpg 300w\" sizes=\"(max-width: 600px) 100vw, 600px\" \/><\/figure>\n<\/figure>","protected":false},"excerpt":{"rendered":"<p>Wir m\u00f6chten uns bei allen Mitarbeitern f\u00fcr ihre Anwesenheit anl\u00e4sslich des 15-j\u00e4hrigen Bestehens der Firma Profigips in Polen bedanken. Wir m\u00f6chten Ihnen eine fotografische Zusammenfassung des Integrationstreffens der Mitarbeiter der polnischen Firma Profigips und der Firmen in Rum\u00e4nien und Belarus pr\u00e4sentieren. Vielen Dank f\u00fcr eine tolle Zeit \ud83d\ude42 .<\/p>","protected":false},"author":2,"featured_media":1077,"comment_status":"closed","ping_status":"closed","sticky":false,"template":"","format":"standard","meta":{"_acf_changed":false,"footnotes":""},"categories":[25],"tags":[],"class_list":["post-1076","post","type-post","status-publish","format-standard","has-post-thumbnail","hentry","category-aktualnosci"],"acf":[],"_links":{"self":[{"href":"https:\/\/profigips.com\/de\/wp-json\/wp\/v2\/posts\/1076","targetHints":{"allow":["GET"]}}],"collection":[{"href":"https:\/\/profigips.com\/de\/wp-json\/wp\/v2\/posts"}],"about":[{"href":"https:\/\/profigips.com\/de\/wp-json\/wp\/v2\/types\/post"}],"author":[{"embeddable":true,"href":"https:\/\/profigips.com\/de\/wp-json\/wp\/v2\/users\/2"}],"replies":[{"embeddable":true,"href":"https:\/\/profigips.com\/de\/wp-json\/wp\/v2\/comments?post=1076"}],"version-history":[{"count":1,"href":"https:\/\/profigips.com\/de\/wp-json\/wp\/v2\/posts\/1076\/revisions"}],"predecessor-version":[{"id":1788,"href":"https:\/\/profigips.com\/de\/wp-json\/wp\/v2\/posts\/1076\/revisions\/1788"}],"wp:featuredmedia":[{"embeddable":true,"href":"https:\/\/profigips.com\/de\/wp-json\/wp\/v2\/media\/1077"}],"wp:attachment":[{"href":"https:\/\/profigips.com\/de\/wp-json\/wp\/v2\/media?parent=1076"}],"wp:term":[{"taxonomy":"category","embeddable":true,"href":"https:\/\/profigips.com\/de\/wp-json\/wp\/v2\/categories?post=1076"},{"taxonomy":"post_tag","embeddable":true,"href":"https:\/\/profigips.com\/de\/wp-json\/wp\/v2\/tags?post=1076"}],"curies":[{"name":"wp","href":"https:\/\/api.w.org\/{rel}","templated":true}]}}