{"id":1862,"date":"2024-06-06T14:41:53","date_gmt":"2024-06-06T12:41:53","guid":{"rendered":"https:\/\/profigips.com\/?p=1862"},"modified":"2024-06-06T14:43:40","modified_gmt":"2024-06-06T12:43:40","slug":"asystent-dzialu-handlowego","status":"publish","type":"post","link":"https:\/\/profigips.com\/ro\/asystent-dzialu-handlowego\/","title":{"rendered":"Asistent de v\u00e2nz\u0103ri"},"content":{"rendered":"<p><strong>Asistent de v\u00e2nz\u0103ri<\/strong><\/p>\n\n\n\n<p>Locul de munc\u0103: <strong>Rzeczyca<\/strong><\/p>\n\n\n\n<p>Responsabilit\u0103\u021bile cheie ale acestei pozi\u021bii vor fi de a sprijini Departamentul Comercial \u00een:<\/p>\n\n\n\n<ul class=\"wp-block-list\">\n<li>Preg\u0103tirea ofertelor \u0219i a comenzilor pentru produse \u0219i servicii,<\/li>\n\n\n\n<li>Introducerea \u0219i gestionarea comenzilor \u00een sistem,<\/li>\n\n\n\n<li>Preg\u0103tirea documenta\u021biei comerciale, inclusiv emiterea facturilor de v\u00e2nzare,<\/li>\n\n\n\n<li>Coordonarea procesului de \u00eendeplinire a comenzilor,<\/li>\n\n\n\n<li>Asigurarea leg\u0103turii cu reprezentan\u021bii de v\u00e2nz\u0103ri \u0219i cu alte departamente ale companiei.<\/li>\n<\/ul>\n\n\n\n<p><strong>Cerin\u021be:<\/strong><\/p>\n\n\n\n<ul class=\"wp-block-list\">\n<li>Orientarea c\u0103tre client, nevoile \u0219i a\u0219tept\u0103rile acestuia,<\/li>\n\n\n\n<li>Consecven\u021b\u0103, \u00eencredere \u00een sine \u0219i responsabilitate \u00een ac\u021biune,<\/li>\n\n\n\n<li>Abilitatea de a lucra \u00een echip\u0103, u\u0219urin\u021ba de a comunica \u0219i de a absorbi informa\u021bii noi,<\/li>\n\n\n\n<li>Precizie \u0219i punctualitate,<\/li>\n\n\n\n<li>Bune cuno\u0219tin\u021be de utilizare a pachetului Office.<\/li>\n<\/ul>\n\n\n\n<p><strong>Noi oferim:<\/strong><\/p>\n\n\n\n<ul class=\"wp-block-list\">\n<li>Un loc de munc\u0103 stabil pe baza unui contract de munc\u0103,<\/li>\n\n\n\n<li>Remunerare atractiv\u0103,<\/li>\n\n\n\n<li>Munc\u0103 interesant\u0103 \u0219i dinamic\u0103 \u00eentr-o echip\u0103 unit\u0103,<\/li>\n\n\n\n<li>Program de lucru previzibil.<\/li>\n<\/ul>\n\n\n\n<p>Dac\u0103 sunte\u021bi interesat, v\u0103 rug\u0103m s\u0103 trimite\u021bi CV-ul dumneavoastr\u0103 la <a href=\"mailto:biuro@profigips.com\">biuro@profigips.com<\/a><\/p>\n\n\n\n<p>V\u0103 rug\u0103m s\u0103 ad\u0103uga\u021bi urm\u0103toarea clauz\u0103: Sunt de acord cu prelucrarea datelor mele cu caracter personal \u00een scopurile necesare pentru aceast\u0103 recrutare \u0219i pentru recrut\u0103rile viitoare (\u00een conformitate cu Legea privind protec\u021bia datelor cu caracter personal din 10 mai 2018 (Monitorul Oficial 2018, pozi\u021bia 1000) \u0219i \u00een conformitate cu Regulamentul Parlamentului European \u0219i al Consiliului (UE) 2016\/679 din 27 aprilie 2016 privind protec\u021bia persoanelor fizice \u00een ceea ce prive\u0219te prelucrarea datelor cu caracter personal \u0219i privind libera circula\u021bie a acestor date \u0219i de abrogare a Directivei 95\/46\/CE (RODO)).<\/p>","protected":false},"excerpt":{"rendered":"<p>Asistent departament comercial Locul de munc\u0103: Rzeczyca Principalele atribu\u021bii ale acestui post vor fi de a sprijini Departamentul Comercial \u00een: Cerin\u021be: Oferim: Persoanele interesate sunt rugate s\u0103 trimit\u0103 CV-ul la adresa biuro@profigips.com V\u0103 rug\u0103m s\u0103 ad\u0103uga\u021bi urm\u0103toarea clauz\u0103: Sunt de acord cu prelucrarea datelor mele cu caracter personal pentru necesit\u0103\u021bile acestei recrut\u0103ri \u0219i ale unor recrut\u0103ri viitoare (\u00een conformitate cu legea [...].<\/p>","protected":false},"author":4,"featured_media":0,"comment_status":"closed","ping_status":"closed","sticky":false,"template":"","format":"standard","meta":{"_acf_changed":false,"footnotes":""},"categories":[65],"tags":[],"class_list":["post-1862","post","type-post","status-publish","format-standard","hentry","category-praca"],"acf":[],"_links":{"self":[{"href":"https:\/\/profigips.com\/ro\/wp-json\/wp\/v2\/posts\/1862","targetHints":{"allow":["GET"]}}],"collection":[{"href":"https:\/\/profigips.com\/ro\/wp-json\/wp\/v2\/posts"}],"about":[{"href":"https:\/\/profigips.com\/ro\/wp-json\/wp\/v2\/types\/post"}],"author":[{"embeddable":true,"href":"https:\/\/profigips.com\/ro\/wp-json\/wp\/v2\/users\/4"}],"replies":[{"embeddable":true,"href":"https:\/\/profigips.com\/ro\/wp-json\/wp\/v2\/comments?post=1862"}],"version-history":[{"count":1,"href":"https:\/\/profigips.com\/ro\/wp-json\/wp\/v2\/posts\/1862\/revisions"}],"predecessor-version":[{"id":1863,"href":"https:\/\/profigips.com\/ro\/wp-json\/wp\/v2\/posts\/1862\/revisions\/1863"}],"wp:attachment":[{"href":"https:\/\/profigips.com\/ro\/wp-json\/wp\/v2\/media?parent=1862"}],"wp:term":[{"taxonomy":"category","embeddable":true,"href":"https:\/\/profigips.com\/ro\/wp-json\/wp\/v2\/categories?post=1862"},{"taxonomy":"post_tag","embeddable":true,"href":"https:\/\/profigips.com\/ro\/wp-json\/wp\/v2\/tags?post=1862"}],"curies":[{"name":"wp","href":"https:\/\/api.w.org\/{rel}","templated":true}]}}